{"id":11253,"date":"2025-11-17T15:57:17","date_gmt":"2025-11-17T15:57:17","guid":{"rendered":"https:\/\/camino.org\/?p=11253"},"modified":"2025-11-17T16:08:05","modified_gmt":"2025-11-17T16:08:05","slug":"encontrando-fuerza-en-ser-diferente","status":"publish","type":"post","link":"https:\/\/camino.org\/es\/encontrando-fuerza-en-ser-diferente\/","title":{"rendered":"Encontrando Fuerza en Ser Diferente"},"content":{"rendered":"\n<p>Querida Yo Peque\u00f1a,<\/p>\n\n\n\n<p><br>Siempre te han encantado las palabras. Eras la ni\u00f1a a la que de verdad le gustaba la clase de ingl\u00e9s y que se emocionaba demasiado con las tareas de escritura. No lo sab\u00edas en ese entonces, pero ese amor por contar historias un d\u00eda te llevar\u00eda a un lugar especial. En alg\u00fan punto descubriste lo que era relaciones p\u00fablicas y comunicaciones, y simplemente hizo clic. Te gust\u00f3 el lado creativo\u2014la parte donde conectas con la gente, cuentas historias que importan y haces una diferencia.<\/p>\n\n\n\n<p>Pero descubrir todo eso no fue f\u00e1cil. No creciste con familiares que pudieran guiarte por la universidad o decirte qu\u00e9 esperar. Mami y Papi trabajaban duro, m\u00e1s duro que cualquiera que conoc\u00edas, pero la educaci\u00f3n superior no fue algo que ellos tuvieron la oportunidad de experimentar. Llegaban a casa agotados, haciendo todo lo posible para darte a ti y a tus hermanos m\u00e1s de lo que ellos tuvieron. Tu hermana mayor fue la primera en ir, y aun as\u00ed tuvo que averiguarlo todo por su cuenta. No hab\u00eda t\u00edas, primos o amigos de la familia que pudieran ayudarte a prepararte, nadie que te dijera qu\u00e9 carrera escoger o a qu\u00e9 pasant\u00edas aplicar. Daba miedo en ese tiempo. Estabas entrando en algo completamente nuevo. Pero m\u00edrate ahora. Ya casi terminas. Est\u00e1s a punto de graduarte.<\/p>\n\n\n\n<p>Has convertido toda esa incertidumbre en motivaci\u00f3n. Incluso cuando entrabas a salones donde eras una de las pocas Latinas estudiando relaciones p\u00fablicas, no dejaste que eso te detuviera. Puede que a veces te hayas sentido fuera de lugar, pero en el fondo sab\u00edas que estabas destinada a estar all\u00ed. Y cada desaf\u00edo solo te hizo m\u00e1s fuerte.<\/p>\n\n\n\n<p>Luego lleg\u00f3 Camino.<br>Un lugar que se sinti\u00f3 acogedor desde el principio. No te sentiste juzgada ni fuera de lugar; te sentiste vista. Las personas all\u00ed quer\u00edan que aprendieras y crecieras, y eso marc\u00f3 la diferencia. A trav\u00e9s de programas como Camino University, viste cu\u00e1nto valoran ayudar a otros a construir confianza y encontrar oportunidades.<\/p>\n\n\n\n<p>Y luego estaba Paola Garc\u00eda. Ver a una mujer Latina liderando en relaciones p\u00fablicas, equilibrando profesionalismo con compasi\u00f3n, hizo que algo dentro de ti hiciera clic. Ella se convirti\u00f3 en prueba de que hay espacio para ti en este mundo y de que un d\u00eda t\u00fa tambi\u00e9n podr\u00edas ayudar a crear espacio para otras.<\/p>\n\n\n\n<p>Cada d\u00eda en Camino se siente como agregar otra pieza a tu historia: escribir comunicados de prensa, entrevistar a miembros de la comunidad y compartir historias que resaltan resiliencia, esperanza y fortaleza. Es m\u00e1s que trabajo. Es un recordatorio de por qu\u00e9 comenzaste. Est\u00e1s usando tu voz para levantar a otros, y eso es algo de lo que debes estar orgullosa.<\/p>\n\n\n\n<p>As\u00ed que, yo peque\u00f1a, mira lo lejos que has llegado. No ten\u00edas un mapa, pero encontraste tu camino de todas formas. Te convertiste en alguien fuerte. Estoy tan orgullosa de ti por nunca rendirte, incluso cuando las cosas parec\u00edan imposibles. Gracias a ti, estoy aqu\u00ed ahora, y sigo avanzando. Mi esperanza es seguir creciendo, seguir inspirando y ayudar a que otras Latinas vean que ellas tambi\u00e9n pueden lograrlo.<\/p>\n\n\n\n<p>Porque la historia que comenzaste a\u00fan se est\u00e1 escribiendo.<\/p>\n\n\n\n<p>Con amor,<br><strong>Emely Velasquez<\/strong><\/p>\n\n\n\n<figure class=\"wp-block-image size-full is-resized\"><img data-recalc-dims=\"1\" fetchpriority=\"high\" decoding=\"async\" width=\"384\" height=\"512\" src=\"https:\/\/i0.wp.com\/camino.org\/wp-content\/uploads\/2025\/11\/unnamed-7-2.png?resize=384%2C512&#038;ssl=1\" alt=\"\" class=\"wp-image-11254\" style=\"width:373px;height:auto\" srcset=\"https:\/\/i0.wp.com\/camino.org\/wp-content\/uploads\/2025\/11\/unnamed-7-2.png?w=384&amp;ssl=1 384w, https:\/\/i0.wp.com\/camino.org\/wp-content\/uploads\/2025\/11\/unnamed-7-2.png?resize=225%2C300&amp;ssl=1 225w\" sizes=\"(max-width: 384px) 100vw, 384px\" \/><\/figure>\n","protected":false},"excerpt":{"rendered":"<p>Querida Yo Peque\u00f1a, Siempre te han encantado las palabras. Eras la ni\u00f1a a la que de verdad le gustaba la clase de ingl\u00e9s y que se emocionaba demasiado con las tareas de escritura. No lo sab\u00edas en ese entonces, pero ese amor por contar historias un d\u00eda te llevar\u00eda a un lugar especial. En alg\u00fan punto descubriste lo que era relaciones p\u00fablicas y comunicaciones, y simplemente hizo clic. Te gust\u00f3 el lado creativo\u2014la parte donde conectas con la gente, cuentas historias que importan y haces una diferencia. Pero descubrir todo eso no fue f\u00e1cil. No creciste con familiares que pudieran guiarte por la universidad o decirte qu\u00e9 esperar. Mami y Papi trabajaban duro, m\u00e1s duro que cualquiera que conoc\u00edas, pero la educaci\u00f3n superior no fue algo que ellos tuvieron la oportunidad de experimentar. Llegaban a casa agotados, haciendo todo lo posible para darte a ti y a tus hermanos m\u00e1s [&hellip;]<\/p>\n","protected":false},"author":147,"featured_media":11245,"comment_status":"open","ping_status":"open","sticky":false,"template":"","format":"standard","meta":{"_acf_changed":false,"give_campaign_id":0,"_coblocks_attr":"","_coblocks_dimensions":"","_coblocks_responsive_height":"","_coblocks_accordion_ie_support":"","om_disable_all_campaigns":false,"inline_featured_image":false,"_monsterinsights_skip_tracking":false,"_monsterinsights_sitenote_active":false,"_monsterinsights_sitenote_note":"","_monsterinsights_sitenote_category":0,"footnotes":""},"categories":[54],"tags":[],"class_list":["post-11253","post","type-post","status-publish","format-standard","has-post-thumbnail","hentry","category-camino-es"],"acf":[],"yoast_head":"<!-- This site is optimized with the Yoast SEO plugin v27.5 - https:\/\/yoast.com\/product\/yoast-seo-wordpress\/ -->\n<title>Encontrando Fuerza en Ser Diferente - Camino<\/title>\n<meta name=\"robots\" content=\"index, follow, max-snippet:-1, max-image-preview:large, max-video-preview:-1\" \/>\n<link rel=\"canonical\" href=\"https:\/\/camino.org\/es\/encontrando-fuerza-en-ser-diferente\/\" \/>\n<meta property=\"og:locale\" content=\"es_ES\" \/>\n<meta property=\"og:type\" content=\"article\" \/>\n<meta property=\"og:title\" content=\"Encontrando Fuerza en Ser Diferente - Camino\" \/>\n<meta property=\"og:description\" content=\"Querida Yo Peque\u00f1a, Siempre te han encantado las palabras. Eras la ni\u00f1a a la que de verdad le gustaba la clase de ingl\u00e9s y que se emocionaba demasiado con las tareas de escritura. No lo sab\u00edas en ese entonces, pero ese amor por contar historias un d\u00eda te llevar\u00eda a un lugar especial. En alg\u00fan punto descubriste lo que era relaciones p\u00fablicas y comunicaciones, y simplemente hizo clic. Te gust\u00f3 el lado creativo\u2014la parte donde conectas con la gente, cuentas historias que importan y haces una diferencia. Pero descubrir todo eso no fue f\u00e1cil. No creciste con familiares que pudieran guiarte por la universidad o decirte qu\u00e9 esperar. Mami y Papi trabajaban duro, m\u00e1s duro que cualquiera que conoc\u00edas, pero la educaci\u00f3n superior no fue algo que ellos tuvieron la oportunidad de experimentar. Llegaban a casa agotados, haciendo todo lo posible para darte a ti y a tus hermanos m\u00e1s [&hellip;]\" \/>\n<meta property=\"og:url\" content=\"https:\/\/camino.org\/es\/encontrando-fuerza-en-ser-diferente\/\" \/>\n<meta property=\"og:site_name\" content=\"Camino\" \/>\n<meta property=\"article:published_time\" content=\"2025-11-17T15:57:17+00:00\" \/>\n<meta property=\"article:modified_time\" content=\"2025-11-17T16:08:05+00:00\" \/>\n<meta property=\"og:image\" content=\"https:\/\/camino.org\/wp-content\/uploads\/2025\/11\/unnamed-7.png\" \/>\n\t<meta property=\"og:image:width\" content=\"384\" \/>\n\t<meta property=\"og:image:height\" content=\"512\" \/>\n\t<meta property=\"og:image:type\" content=\"image\/png\" \/>\n<meta name=\"author\" content=\"Emely Velasquez\" \/>\n<meta name=\"twitter:card\" content=\"summary_large_image\" \/>\n<meta name=\"twitter:label1\" content=\"Escrito por\" \/>\n\t<meta name=\"twitter:data1\" content=\"Emely Velasquez\" \/>\n\t<meta name=\"twitter:label2\" content=\"Tiempo de lectura\" \/>\n\t<meta name=\"twitter:data2\" content=\"3 minutos\" \/>\n<script type=\"application\/ld+json\" class=\"yoast-schema-graph\">{\"@context\":\"https:\\\/\\\/schema.org\",\"@graph\":[{\"@type\":\"Article\",\"@id\":\"https:\\\/\\\/camino.org\\\/es\\\/encontrando-fuerza-en-ser-diferente\\\/#article\",\"isPartOf\":{\"@id\":\"https:\\\/\\\/camino.org\\\/es\\\/encontrando-fuerza-en-ser-diferente\\\/\"},\"author\":{\"name\":\"Emely Velasquez\",\"@id\":\"https:\\\/\\\/camino.org\\\/#\\\/schema\\\/person\\\/4dbadd770ddbf0826cac748f00817c6f\"},\"headline\":\"Encontrando Fuerza en Ser Diferente\",\"datePublished\":\"2025-11-17T15:57:17+00:00\",\"dateModified\":\"2025-11-17T16:08:05+00:00\",\"mainEntityOfPage\":{\"@id\":\"https:\\\/\\\/camino.org\\\/es\\\/encontrando-fuerza-en-ser-diferente\\\/\"},\"wordCount\":575,\"commentCount\":0,\"publisher\":{\"@id\":\"https:\\\/\\\/camino.org\\\/#organization\"},\"image\":{\"@id\":\"https:\\\/\\\/camino.org\\\/es\\\/encontrando-fuerza-en-ser-diferente\\\/#primaryimage\"},\"thumbnailUrl\":\"https:\\\/\\\/i0.wp.com\\\/camino.org\\\/wp-content\\\/uploads\\\/2025\\\/11\\\/unnamed-7.png?fit=384%2C512&ssl=1\",\"articleSection\":[\"Camino\"],\"inLanguage\":\"es\",\"potentialAction\":[{\"@type\":\"CommentAction\",\"name\":\"Comment\",\"target\":[\"https:\\\/\\\/camino.org\\\/es\\\/encontrando-fuerza-en-ser-diferente\\\/#respond\"]}]},{\"@type\":\"WebPage\",\"@id\":\"https:\\\/\\\/camino.org\\\/es\\\/encontrando-fuerza-en-ser-diferente\\\/\",\"url\":\"https:\\\/\\\/camino.org\\\/es\\\/encontrando-fuerza-en-ser-diferente\\\/\",\"name\":\"Encontrando Fuerza en Ser Diferente - Camino\",\"isPartOf\":{\"@id\":\"https:\\\/\\\/camino.org\\\/#website\"},\"primaryImageOfPage\":{\"@id\":\"https:\\\/\\\/camino.org\\\/es\\\/encontrando-fuerza-en-ser-diferente\\\/#primaryimage\"},\"image\":{\"@id\":\"https:\\\/\\\/camino.org\\\/es\\\/encontrando-fuerza-en-ser-diferente\\\/#primaryimage\"},\"thumbnailUrl\":\"https:\\\/\\\/i0.wp.com\\\/camino.org\\\/wp-content\\\/uploads\\\/2025\\\/11\\\/unnamed-7.png?fit=384%2C512&ssl=1\",\"datePublished\":\"2025-11-17T15:57:17+00:00\",\"dateModified\":\"2025-11-17T16:08:05+00:00\",\"breadcrumb\":{\"@id\":\"https:\\\/\\\/camino.org\\\/es\\\/encontrando-fuerza-en-ser-diferente\\\/#breadcrumb\"},\"inLanguage\":\"es\",\"potentialAction\":[{\"@type\":\"ReadAction\",\"target\":[\"https:\\\/\\\/camino.org\\\/es\\\/encontrando-fuerza-en-ser-diferente\\\/\"]}]},{\"@type\":\"ImageObject\",\"inLanguage\":\"es\",\"@id\":\"https:\\\/\\\/camino.org\\\/es\\\/encontrando-fuerza-en-ser-diferente\\\/#primaryimage\",\"url\":\"https:\\\/\\\/i0.wp.com\\\/camino.org\\\/wp-content\\\/uploads\\\/2025\\\/11\\\/unnamed-7.png?fit=384%2C512&ssl=1\",\"contentUrl\":\"https:\\\/\\\/i0.wp.com\\\/camino.org\\\/wp-content\\\/uploads\\\/2025\\\/11\\\/unnamed-7.png?fit=384%2C512&ssl=1\",\"width\":384,\"height\":512,\"caption\":\"Happy little girl, happy playing in playground\"},{\"@type\":\"BreadcrumbList\",\"@id\":\"https:\\\/\\\/camino.org\\\/es\\\/encontrando-fuerza-en-ser-diferente\\\/#breadcrumb\",\"itemListElement\":[{\"@type\":\"ListItem\",\"position\":1,\"name\":\"Home\",\"item\":\"https:\\\/\\\/camino.org\\\/es\\\/\"},{\"@type\":\"ListItem\",\"position\":2,\"name\":\"Encontrando Fuerza en Ser Diferente\"}]},{\"@type\":\"WebSite\",\"@id\":\"https:\\\/\\\/camino.org\\\/#website\",\"url\":\"https:\\\/\\\/camino.org\\\/\",\"name\":\"Camino\",\"description\":\"A bilingual and multicultural health center that provides excellent and affordable integrated care to the underinsured and uninsured populations.\",\"publisher\":{\"@id\":\"https:\\\/\\\/camino.org\\\/#organization\"},\"potentialAction\":[{\"@type\":\"SearchAction\",\"target\":{\"@type\":\"EntryPoint\",\"urlTemplate\":\"https:\\\/\\\/camino.org\\\/?s={search_term_string}\"},\"query-input\":{\"@type\":\"PropertyValueSpecification\",\"valueRequired\":true,\"valueName\":\"search_term_string\"}}],\"inLanguage\":\"es\"},{\"@type\":\"Organization\",\"@id\":\"https:\\\/\\\/camino.org\\\/#organization\",\"name\":\"Camino\",\"alternateName\":\"Camino\",\"url\":\"https:\\\/\\\/camino.org\\\/\",\"logo\":{\"@type\":\"ImageObject\",\"inLanguage\":\"es\",\"@id\":\"https:\\\/\\\/camino.org\\\/#\\\/schema\\\/logo\\\/image\\\/\",\"url\":\"https:\\\/\\\/camino.org\\\/wp-content\\\/uploads\\\/2023\\\/06\\\/logo-color.svg\",\"contentUrl\":\"https:\\\/\\\/camino.org\\\/wp-content\\\/uploads\\\/2023\\\/06\\\/logo-color.svg\",\"width\":199,\"height\":37,\"caption\":\"Camino\"},\"image\":{\"@id\":\"https:\\\/\\\/camino.org\\\/#\\\/schema\\\/logo\\\/image\\\/\"},\"sameAs\":[\"https:\\\/\\\/instagram.com\\\/camino.stories?igshid=MzRlODBiNWFlZA==\",\"https:\\\/\\\/www.linkedin.com\\\/company\\\/caminohealthcenter\\\/mycompany\\\/verification\\\/\",\"https:\\\/\\\/www.youtube.com\\\/@caminostories2588\\\/videos\"]},{\"@type\":\"Person\",\"@id\":\"https:\\\/\\\/camino.org\\\/#\\\/schema\\\/person\\\/4dbadd770ddbf0826cac748f00817c6f\",\"name\":\"Emely Velasquez\",\"image\":{\"@type\":\"ImageObject\",\"inLanguage\":\"es\",\"@id\":\"https:\\\/\\\/secure.gravatar.com\\\/avatar\\\/9c3d7fada5728de7d1a38fc442be2b8e896d72b7de6bc74d0063918be2456b11?s=96&d=mm&r=g\",\"url\":\"https:\\\/\\\/secure.gravatar.com\\\/avatar\\\/9c3d7fada5728de7d1a38fc442be2b8e896d72b7de6bc74d0063918be2456b11?s=96&d=mm&r=g\",\"contentUrl\":\"https:\\\/\\\/secure.gravatar.com\\\/avatar\\\/9c3d7fada5728de7d1a38fc442be2b8e896d72b7de6bc74d0063918be2456b11?s=96&d=mm&r=g\",\"caption\":\"Emely Velasquez\"},\"url\":\"https:\\\/\\\/camino.org\\\/es\\\/author\\\/emelyvelasquez\\\/\"}]}<\/script>\n<!-- \/ Yoast SEO plugin. -->","yoast_head_json":{"title":"Encontrando Fuerza en Ser Diferente - Camino","robots":{"index":"index","follow":"follow","max-snippet":"max-snippet:-1","max-image-preview":"max-image-preview:large","max-video-preview":"max-video-preview:-1"},"canonical":"https:\/\/camino.org\/es\/encontrando-fuerza-en-ser-diferente\/","og_locale":"es_ES","og_type":"article","og_title":"Encontrando Fuerza en Ser Diferente - Camino","og_description":"Querida Yo Peque\u00f1a, Siempre te han encantado las palabras. Eras la ni\u00f1a a la que de verdad le gustaba la clase de ingl\u00e9s y que se emocionaba demasiado con las tareas de escritura. No lo sab\u00edas en ese entonces, pero ese amor por contar historias un d\u00eda te llevar\u00eda a un lugar especial. En alg\u00fan punto descubriste lo que era relaciones p\u00fablicas y comunicaciones, y simplemente hizo clic. Te gust\u00f3 el lado creativo\u2014la parte donde conectas con la gente, cuentas historias que importan y haces una diferencia. Pero descubrir todo eso no fue f\u00e1cil. No creciste con familiares que pudieran guiarte por la universidad o decirte qu\u00e9 esperar. Mami y Papi trabajaban duro, m\u00e1s duro que cualquiera que conoc\u00edas, pero la educaci\u00f3n superior no fue algo que ellos tuvieron la oportunidad de experimentar. Llegaban a casa agotados, haciendo todo lo posible para darte a ti y a tus hermanos m\u00e1s [&hellip;]","og_url":"https:\/\/camino.org\/es\/encontrando-fuerza-en-ser-diferente\/","og_site_name":"Camino","article_published_time":"2025-11-17T15:57:17+00:00","article_modified_time":"2025-11-17T16:08:05+00:00","og_image":[{"width":384,"height":512,"url":"https:\/\/camino.org\/wp-content\/uploads\/2025\/11\/unnamed-7.png","type":"image\/png"}],"author":"Emely Velasquez","twitter_card":"summary_large_image","twitter_misc":{"Escrito por":"Emely Velasquez","Tiempo de lectura":"3 minutos"},"schema":{"@context":"https:\/\/schema.org","@graph":[{"@type":"Article","@id":"https:\/\/camino.org\/es\/encontrando-fuerza-en-ser-diferente\/#article","isPartOf":{"@id":"https:\/\/camino.org\/es\/encontrando-fuerza-en-ser-diferente\/"},"author":{"name":"Emely Velasquez","@id":"https:\/\/camino.org\/#\/schema\/person\/4dbadd770ddbf0826cac748f00817c6f"},"headline":"Encontrando Fuerza en Ser Diferente","datePublished":"2025-11-17T15:57:17+00:00","dateModified":"2025-11-17T16:08:05+00:00","mainEntityOfPage":{"@id":"https:\/\/camino.org\/es\/encontrando-fuerza-en-ser-diferente\/"},"wordCount":575,"commentCount":0,"publisher":{"@id":"https:\/\/camino.org\/#organization"},"image":{"@id":"https:\/\/camino.org\/es\/encontrando-fuerza-en-ser-diferente\/#primaryimage"},"thumbnailUrl":"https:\/\/i0.wp.com\/camino.org\/wp-content\/uploads\/2025\/11\/unnamed-7.png?fit=384%2C512&ssl=1","articleSection":["Camino"],"inLanguage":"es","potentialAction":[{"@type":"CommentAction","name":"Comment","target":["https:\/\/camino.org\/es\/encontrando-fuerza-en-ser-diferente\/#respond"]}]},{"@type":"WebPage","@id":"https:\/\/camino.org\/es\/encontrando-fuerza-en-ser-diferente\/","url":"https:\/\/camino.org\/es\/encontrando-fuerza-en-ser-diferente\/","name":"Encontrando Fuerza en Ser Diferente - Camino","isPartOf":{"@id":"https:\/\/camino.org\/#website"},"primaryImageOfPage":{"@id":"https:\/\/camino.org\/es\/encontrando-fuerza-en-ser-diferente\/#primaryimage"},"image":{"@id":"https:\/\/camino.org\/es\/encontrando-fuerza-en-ser-diferente\/#primaryimage"},"thumbnailUrl":"https:\/\/i0.wp.com\/camino.org\/wp-content\/uploads\/2025\/11\/unnamed-7.png?fit=384%2C512&ssl=1","datePublished":"2025-11-17T15:57:17+00:00","dateModified":"2025-11-17T16:08:05+00:00","breadcrumb":{"@id":"https:\/\/camino.org\/es\/encontrando-fuerza-en-ser-diferente\/#breadcrumb"},"inLanguage":"es","potentialAction":[{"@type":"ReadAction","target":["https:\/\/camino.org\/es\/encontrando-fuerza-en-ser-diferente\/"]}]},{"@type":"ImageObject","inLanguage":"es","@id":"https:\/\/camino.org\/es\/encontrando-fuerza-en-ser-diferente\/#primaryimage","url":"https:\/\/i0.wp.com\/camino.org\/wp-content\/uploads\/2025\/11\/unnamed-7.png?fit=384%2C512&ssl=1","contentUrl":"https:\/\/i0.wp.com\/camino.org\/wp-content\/uploads\/2025\/11\/unnamed-7.png?fit=384%2C512&ssl=1","width":384,"height":512,"caption":"Happy little girl, happy playing in playground"},{"@type":"BreadcrumbList","@id":"https:\/\/camino.org\/es\/encontrando-fuerza-en-ser-diferente\/#breadcrumb","itemListElement":[{"@type":"ListItem","position":1,"name":"Home","item":"https:\/\/camino.org\/es\/"},{"@type":"ListItem","position":2,"name":"Encontrando Fuerza en Ser Diferente"}]},{"@type":"WebSite","@id":"https:\/\/camino.org\/#website","url":"https:\/\/camino.org\/","name":"Camino","description":"A bilingual and multicultural health center that provides excellent and affordable integrated care to the underinsured and uninsured populations.","publisher":{"@id":"https:\/\/camino.org\/#organization"},"potentialAction":[{"@type":"SearchAction","target":{"@type":"EntryPoint","urlTemplate":"https:\/\/camino.org\/?s={search_term_string}"},"query-input":{"@type":"PropertyValueSpecification","valueRequired":true,"valueName":"search_term_string"}}],"inLanguage":"es"},{"@type":"Organization","@id":"https:\/\/camino.org\/#organization","name":"Camino","alternateName":"Camino","url":"https:\/\/camino.org\/","logo":{"@type":"ImageObject","inLanguage":"es","@id":"https:\/\/camino.org\/#\/schema\/logo\/image\/","url":"https:\/\/camino.org\/wp-content\/uploads\/2023\/06\/logo-color.svg","contentUrl":"https:\/\/camino.org\/wp-content\/uploads\/2023\/06\/logo-color.svg","width":199,"height":37,"caption":"Camino"},"image":{"@id":"https:\/\/camino.org\/#\/schema\/logo\/image\/"},"sameAs":["https:\/\/instagram.com\/camino.stories?igshid=MzRlODBiNWFlZA==","https:\/\/www.linkedin.com\/company\/caminohealthcenter\/mycompany\/verification\/","https:\/\/www.youtube.com\/@caminostories2588\/videos"]},{"@type":"Person","@id":"https:\/\/camino.org\/#\/schema\/person\/4dbadd770ddbf0826cac748f00817c6f","name":"Emely Velasquez","image":{"@type":"ImageObject","inLanguage":"es","@id":"https:\/\/secure.gravatar.com\/avatar\/9c3d7fada5728de7d1a38fc442be2b8e896d72b7de6bc74d0063918be2456b11?s=96&d=mm&r=g","url":"https:\/\/secure.gravatar.com\/avatar\/9c3d7fada5728de7d1a38fc442be2b8e896d72b7de6bc74d0063918be2456b11?s=96&d=mm&r=g","contentUrl":"https:\/\/secure.gravatar.com\/avatar\/9c3d7fada5728de7d1a38fc442be2b8e896d72b7de6bc74d0063918be2456b11?s=96&d=mm&r=g","caption":"Emely Velasquez"},"url":"https:\/\/camino.org\/es\/author\/emelyvelasquez\/"}]}},"_links":{"self":[{"href":"https:\/\/camino.org\/es\/wp-json\/wp\/v2\/posts\/11253","targetHints":{"allow":["GET"]}}],"collection":[{"href":"https:\/\/camino.org\/es\/wp-json\/wp\/v2\/posts"}],"about":[{"href":"https:\/\/camino.org\/es\/wp-json\/wp\/v2\/types\/post"}],"author":[{"embeddable":true,"href":"https:\/\/camino.org\/es\/wp-json\/wp\/v2\/users\/147"}],"replies":[{"embeddable":true,"href":"https:\/\/camino.org\/es\/wp-json\/wp\/v2\/comments?post=11253"}],"version-history":[{"count":2,"href":"https:\/\/camino.org\/es\/wp-json\/wp\/v2\/posts\/11253\/revisions"}],"predecessor-version":[{"id":11257,"href":"https:\/\/camino.org\/es\/wp-json\/wp\/v2\/posts\/11253\/revisions\/11257"}],"wp:featuredmedia":[{"embeddable":true,"href":"https:\/\/camino.org\/es\/wp-json\/wp\/v2\/media\/11245"}],"wp:attachment":[{"href":"https:\/\/camino.org\/es\/wp-json\/wp\/v2\/media?parent=11253"}],"wp:term":[{"taxonomy":"category","embeddable":true,"href":"https:\/\/camino.org\/es\/wp-json\/wp\/v2\/categories?post=11253"},{"taxonomy":"post_tag","embeddable":true,"href":"https:\/\/camino.org\/es\/wp-json\/wp\/v2\/tags?post=11253"}],"curies":[{"name":"wp","href":"https:\/\/api.w.org\/{rel}","templated":true}]}}