{"id":2033,"date":"2023-06-30T21:34:18","date_gmt":"2023-06-30T21:34:18","guid":{"rendered":"https:\/\/camino.org\/dia-de-la-independencia-la-libertad-en-los-ojos-de-un-inmigrante-cubano\/"},"modified":"2023-07-21T17:43:46","modified_gmt":"2023-07-21T17:43:46","slug":"dia-de-la-independencia-la-libertad-en-los-ojos-de-un-inmigrante-cubano","status":"publish","type":"post","link":"https:\/\/camino.org\/es\/dia-de-la-independencia-la-libertad-en-los-ojos-de-un-inmigrante-cubano\/","title":{"rendered":"D\u00eda de la Independencia: La Libertad en los Ojos de un Inmigrante Cubano"},"content":{"rendered":"\n<p>El 4 de julio, tambi\u00e9n conocido como el D\u00eda de la Independencia, es un d\u00eda importante en la historia de los Estados Unidos. Es un d\u00eda lleno de patriotismo, celebraciones y fuegos artificiales, y para muchos representa la preciada libertad que Estados Unidos gan\u00f3 en 1776. Sin embargo, el significado de este d\u00eda tiene un significado a\u00fan m\u00e1s profundo para las personas que han experimentado la vida sin libertad de primera mano. En este blog, exploraremos el viaje de un inmigrante cubano para comprender lo que realmente significa el 4 de julio para \u00e9l. <\/p>\n\n\n\n<h2 class=\"wp-block-heading\"><strong>El Viaje a la Libertad:<\/strong><\/h2>\n\n\n\n<p>Amittay Rodr\u00edguez, ex m\u00e9dico y pastor en Cuba, tuvo una vida c\u00f3moda sirviendo a la gente a trav\u00e9s de su pr\u00e1ctica m\u00e9dica y su funci\u00f3n en una iglesia local. Sin embargo, sus conexiones con amigos en Estados Unidos lo convirtieron en blanco de sospechas para el gobierno cubano. Bajo una presi\u00f3n cada vez mayor y temiendo por la seguridad de su familia, Rodr\u00edguez y un grupo de amigos se embarcaron en un peligroso viaje para escapar de Cuba.<\/p>\n\n\n\n<p>En diciembre de 2005, luego de meses de planear y construir en secreto una balsa, emprenden su viaje a Estados Unidos con el plan de partir desde la costa norte de Cuba. El viaje estuvo lleno de peligros, incluida una violenta tormenta en medio de la noche que amenaz\u00f3 con volcar su peque\u00f1a balsa. A pesar de los inmensos desaf\u00edos, perseveraron con esperanza y fe, sintiendo la mano de Dios gui\u00e1ndolos a trav\u00e9s de las aguas tormentosas.<\/p>\n\n\n\n<p>Cuando la tormenta se calm\u00f3, el grupo comenz\u00f3 a sentirse aliviado cuando vieron un gran bote que se les acercaba desde el horizonte. Que ellos supieran, estaban a punto de ser rescatados por quien sea que estuviera en este barco, y estar\u00edan en Am\u00e9rica en poco tiempo. Desafortunadamente, result\u00f3 ser la Guardia Costera de los Estados Unidos, quien legalmente tuvo que devolverlos a Cuba. A pesar de la decepci\u00f3n de Rodr\u00edguez, su esp\u00edritu se mantuvo resistente, ya que el viaje hacia la libertad estaba lejos de terminar.<\/p>\n\n\n\n<h2 class=\"wp-block-heading\"><strong>A\u00f1os de Lucha y Resiliencia:<\/strong><\/h2>\n\n\n\n<p>Los a\u00f1os que siguieron a su regreso a Cuba estuvieron llenos de penurias. A su llegada, Rodr\u00edguez enfrent\u00f3 una dura realidad cuando descubri\u00f3 que el gobierno incaut\u00f3 su casa, su autom\u00f3vil y todas las pertenencias de su familia, dej\u00e1ndolos sin nada. Tambi\u00e9n le revocaron la licencia m\u00e9dica, lo que lo dej\u00f3 sin trabajo. Sin embargo, una iglesia en La Habana se enter\u00f3 de su historia y ofreci\u00f3 cobijo y protecci\u00f3n a su familia. Rodr\u00edguez finalmente se uni\u00f3 a la iglesia como pastor y se dedic\u00f3 una vez m\u00e1s a servir al pueblo cubano a pesar de haber perdido su t\u00edtulo de m\u00e9dico.<\/p>\n\n\n\n<p>La iglesia floreci\u00f3 e incluso plantaron tres iglesias adicionales durante el mandato de Rodr\u00edguez. Sin embargo, su deseo de libertad persisti\u00f3, lo que lo llev\u00f3 a \u00e9l y a su familia a huir a M\u00e9xico, donde se escondieron durante cuatro meses antes de cruzar finalmente la frontera con los Estados Unidos. El 17 de octubre de 2009, solicitaron asilo oficialmente, marcando el comienzo de su nueva vida en la tierra de la libertad.<\/p>\n\n\n\n<h2 class=\"wp-block-heading\"><strong>El primer 4 de julio: Abrazando la Libertad:<\/strong><\/h2>\n\n\n\n<p>En 2010, Rodr\u00edguez y su familia vivieron su primer 4 de julio en los Estados Unidos. Fue un momento lleno de emoci\u00f3n y gratitud. Vistiendo camisetas patri\u00f3ticas decoradas con la bandera americana y la palabra \u201clibertad\u201d, celebraron el significado de este d\u00eda. Aprendieron sobre los principios de la Constituci\u00f3n y de la rep\u00fablica, afirmando su compromiso de luchar por los valores que defiende Estados Unidos.<\/p>\n\n\n\n<p>Al ver los fuegos artificiales iluminar el cielo nocturno, Rodr\u00edguez se dio cuenta de que simbolizaban m\u00e1s que solo la celebraci\u00f3n de la libertad; representaban la esperanza. Nacido en Cuba, un pa\u00eds donde la esperanza en el futuro era escasa, su llegada a los Estados Unidos le abri\u00f3 un mundo de posibilidades. La tierra de las oportunidades les ofreci\u00f3 la posibilidad de crecer, aprender, ayudar a los dem\u00e1s y desarrollarse como nunca antes se habr\u00edan imaginado.<\/p>\n\n\n\n<h2 class=\"wp-block-heading\"><strong>Concepto de Libertad: Un Claro Contraste:<\/strong><\/h2>\n\n\n\n<p>Rodr\u00edguez reflexiona sobre el claro contraste entre el concepto de libertad en Cuba y Estados Unidos. En su tierra natal, la palabra \u201clibertad\u201d parec\u00eda inexistente. No hab\u00eda libertad de expresi\u00f3n, religi\u00f3n, viajes o el derecho a elegir el propio camino. En cambio, Estados Unidos le otorg\u00f3 la libertad de ir a donde quisiera, estudiar cualquier tema, expresarse abiertamente y participar en una multitud de actividades que antes estaban fuera de su alcance. La distinci\u00f3n era clara: Cuba no ten\u00eda libertad, mientras que Estados Unidos la abraz\u00f3.<\/p>\n\n\n\n<h2 class=\"wp-block-heading\"><strong>Celebrando el 4 de julio:<\/strong><\/h2>\n\n\n\n<p>Mientras la bandera estadounidense ondea frente a su hogar todos los d\u00edas, simbolizando la libertad que aprecian, Rodr\u00edguez y su familia celebran el 4 de julio con gran entusiasmo. Compran nuevas camisetas patri\u00f3ticas, mostrando con orgullo su amor por su nueva patria.<\/p>\n\n\n\n<p>Su celebraci\u00f3n consiste en una reuni\u00f3n familiar en la que asan carne de res, un acto sencillo que tiene un profundo significado. En Cuba era ilegal poseer carne de res. Mientras se re\u00fanen alrededor de la parrilla, la carne chisporroteante sirve como un recordatorio tangible de la libertad de disfrutar los placeres b\u00e1sicos de la vida que antes se les negaban.<\/p>\n\n\n\n<h2 class=\"wp-block-heading\"><strong>Una Invitaci\u00f3n a Entender:<\/strong><\/h2>\n\n\n\n<p>Rodr\u00edguez invita a todos los estadounidenses a comprender verdaderamente el significado del 4 de julio. Si bien muchos pueden verlo como un d\u00eda de fiesta, \u00e9l alienta a todos a recordar el contexto hist\u00f3rico y reflexionar sobre la libertad que tanto luch\u00f3 la naci\u00f3n. \u00c9l enfatiza la importancia de alabar al Se\u00f1or por los eventos del 4 de julio de 1776, ya que marc\u00f3 el nacimiento de una naci\u00f3n que brindar\u00eda libertad y oportunidad a innumerables personas como \u00e9l.<\/p>\n\n\n\n<h2 class=\"wp-block-heading\"><strong>Conclusi\u00f3n:<\/strong><\/h2>\n\n\n\n<p>La historia de Amittay Rodr\u00edguez es un testimonio del poder de la esperanza, la fe y la resiliencia en la b\u00fasqueda de la libertad. Mientras celebramos el 4 de julio, recordemos las luchas que enfrentan quienes han buscado refugio en los Estados Unidos y abracemos la libertad que con demasiada frecuencia damos por sentada. A medida que los fuegos artificiales iluminan el cielo, que sirvan como recordatorio de las posibilidades ilimitadas que brinda la libertad, y que sigamos apreciando y defendiendo los valores que definen a nuestra naci\u00f3n.<\/p>\n\n\n\n<figure class=\"wp-block-embed is-type-video is-provider-youtube wp-block-embed-youtube wp-embed-aspect-16-9 wp-has-aspect-ratio\"><div class=\"wp-block-embed__wrapper\">\n<iframe title=\"Cuban by Birth. American by Choice.\" width=\"640\" height=\"360\" src=\"https:\/\/www.youtube.com\/embed\/acBIrBC-5XU?feature=oembed\" frameborder=\"0\" allow=\"accelerometer; autoplay; clipboard-write; encrypted-media; gyroscope; picture-in-picture; web-share\" referrerpolicy=\"strict-origin-when-cross-origin\" allowfullscreen><\/iframe>\n<\/div><figcaption class=\"wp-element-caption\">Cubano Por Nacimiento, Americano Por Elecci\u00f3n<\/figcaption><\/figure>\n\n\n\n<p><\/p>\n","protected":false},"excerpt":{"rendered":"<p>El 4 de julio, tambi\u00e9n conocido como el D\u00eda de la Independencia, es un d\u00eda importante en la historia de los Estados Unidos. Es un d\u00eda lleno de patriotismo, celebraciones y fuegos artificiales, y para muchos representa la preciada libertad que Estados Unidos gan\u00f3 en 1776. Sin embargo, el significado de este d\u00eda tiene un significado a\u00fan m\u00e1s profundo para las personas que han experimentado la vida sin libertad de primera mano. En este blog, exploraremos el viaje de un inmigrante cubano para comprender lo que realmente significa el 4 de julio para \u00e9l. El Viaje a la Libertad: Amittay Rodr\u00edguez, ex m\u00e9dico y pastor en Cuba, tuvo una vida c\u00f3moda sirviendo a la gente a trav\u00e9s de su pr\u00e1ctica m\u00e9dica y su funci\u00f3n en una iglesia local. Sin embargo, sus conexiones con amigos en Estados Unidos lo convirtieron en blanco de sospechas para el gobierno cubano. Bajo una presi\u00f3n [&hellip;]<\/p>\n","protected":false},"author":2,"featured_media":2041,"comment_status":"closed","ping_status":"closed","sticky":false,"template":"","format":"standard","meta":{"_acf_changed":false,"give_campaign_id":0,"_coblocks_attr":"","_coblocks_dimensions":"","_coblocks_responsive_height":"","_coblocks_accordion_ie_support":"","om_disable_all_campaigns":false,"inline_featured_image":false,"_monsterinsights_skip_tracking":false,"_monsterinsights_sitenote_active":false,"_monsterinsights_sitenote_note":"","_monsterinsights_sitenote_category":0,"footnotes":""},"categories":[54,55],"tags":[59,56,57,58],"class_list":["post-2033","post","type-post","status-publish","format-standard","has-post-thumbnail","hentry","category-camino-es","category-camino-church-es","tag-americano","tag-cuatro-de-julio","tag-dia-de-la-indepencia","tag-libertad"],"acf":[],"yoast_head":"<!-- This site is optimized with the Yoast SEO plugin v27.5 - https:\/\/yoast.com\/product\/yoast-seo-wordpress\/ -->\n<title>D\u00eda de la Independencia: La Libertad en los Ojos de un Inmigrante Cubano - Camino<\/title>\n<meta name=\"robots\" content=\"index, follow, max-snippet:-1, max-image-preview:large, max-video-preview:-1\" \/>\n<link rel=\"canonical\" href=\"https:\/\/camino.org\/es\/dia-de-la-independencia-la-libertad-en-los-ojos-de-un-inmigrante-cubano\/\" \/>\n<meta property=\"og:locale\" content=\"es_ES\" \/>\n<meta property=\"og:type\" content=\"article\" \/>\n<meta property=\"og:title\" content=\"D\u00eda de la Independencia: La Libertad en los Ojos de un Inmigrante Cubano - Camino\" \/>\n<meta property=\"og:description\" content=\"El 4 de julio, tambi\u00e9n conocido como el D\u00eda de la Independencia, es un d\u00eda importante en la historia de los Estados Unidos. Es un d\u00eda lleno de patriotismo, celebraciones y fuegos artificiales, y para muchos representa la preciada libertad que Estados Unidos gan\u00f3 en 1776. Sin embargo, el significado de este d\u00eda tiene un significado a\u00fan m\u00e1s profundo para las personas que han experimentado la vida sin libertad de primera mano. En este blog, exploraremos el viaje de un inmigrante cubano para comprender lo que realmente significa el 4 de julio para \u00e9l. El Viaje a la Libertad: Amittay Rodr\u00edguez, ex m\u00e9dico y pastor en Cuba, tuvo una vida c\u00f3moda sirviendo a la gente a trav\u00e9s de su pr\u00e1ctica m\u00e9dica y su funci\u00f3n en una iglesia local. Sin embargo, sus conexiones con amigos en Estados Unidos lo convirtieron en blanco de sospechas para el gobierno cubano. Bajo una presi\u00f3n [&hellip;]\" \/>\n<meta property=\"og:url\" content=\"https:\/\/camino.org\/es\/dia-de-la-independencia-la-libertad-en-los-ojos-de-un-inmigrante-cubano\/\" \/>\n<meta property=\"og:site_name\" content=\"Camino\" \/>\n<meta property=\"article:published_time\" content=\"2023-06-30T21:34:18+00:00\" \/>\n<meta property=\"article:modified_time\" content=\"2023-07-21T17:43:46+00:00\" \/>\n<meta property=\"og:image\" content=\"https:\/\/camino.org\/wp-content\/uploads\/2023\/06\/Main-Amittays-Story-10-min-Cut-6.00_07_10_05.Still002-2-scaled.webp\" \/>\n\t<meta property=\"og:image:width\" content=\"2560\" \/>\n\t<meta property=\"og:image:height\" content=\"1440\" \/>\n\t<meta property=\"og:image:type\" content=\"image\/jpeg\" \/>\n<meta name=\"author\" content=\"Jordan Lopez\" \/>\n<meta name=\"twitter:card\" content=\"summary_large_image\" \/>\n<meta name=\"twitter:label1\" content=\"Escrito por\" \/>\n\t<meta name=\"twitter:data1\" content=\"Jordan Lopez\" \/>\n\t<meta name=\"twitter:label2\" content=\"Tiempo de lectura\" \/>\n\t<meta name=\"twitter:data2\" content=\"5 minutos\" \/>\n<script type=\"application\/ld+json\" class=\"yoast-schema-graph\">{\"@context\":\"https:\\\/\\\/schema.org\",\"@graph\":[{\"@type\":\"Article\",\"@id\":\"https:\\\/\\\/camino.org\\\/es\\\/dia-de-la-independencia-la-libertad-en-los-ojos-de-un-inmigrante-cubano\\\/#article\",\"isPartOf\":{\"@id\":\"https:\\\/\\\/camino.org\\\/es\\\/dia-de-la-independencia-la-libertad-en-los-ojos-de-un-inmigrante-cubano\\\/\"},\"author\":{\"name\":\"Jordan Lopez\",\"@id\":\"https:\\\/\\\/camino.org\\\/#\\\/schema\\\/person\\\/563e2520680a224673479a7c0283565b\"},\"headline\":\"D\u00eda de la Independencia: La Libertad en los Ojos de un Inmigrante Cubano\",\"datePublished\":\"2023-06-30T21:34:18+00:00\",\"dateModified\":\"2023-07-21T17:43:46+00:00\",\"mainEntityOfPage\":{\"@id\":\"https:\\\/\\\/camino.org\\\/es\\\/dia-de-la-independencia-la-libertad-en-los-ojos-de-un-inmigrante-cubano\\\/\"},\"wordCount\":1130,\"publisher\":{\"@id\":\"https:\\\/\\\/camino.org\\\/#organization\"},\"image\":{\"@id\":\"https:\\\/\\\/camino.org\\\/es\\\/dia-de-la-independencia-la-libertad-en-los-ojos-de-un-inmigrante-cubano\\\/#primaryimage\"},\"thumbnailUrl\":\"https:\\\/\\\/i0.wp.com\\\/camino.org\\\/wp-content\\\/uploads\\\/2023\\\/06\\\/Main-Amittays-Story-10-min-Cut-6.00_07_10_05.Still002-2-scaled.webp?fit=2560%2C1440&ssl=1\",\"keywords\":[\"Americano\",\"Cuatro de Julio\",\"D\u00eda de la Indepencia\",\"Libertad\"],\"articleSection\":[\"Camino\",\"Camino Church\"],\"inLanguage\":\"es\"},{\"@type\":\"WebPage\",\"@id\":\"https:\\\/\\\/camino.org\\\/es\\\/dia-de-la-independencia-la-libertad-en-los-ojos-de-un-inmigrante-cubano\\\/\",\"url\":\"https:\\\/\\\/camino.org\\\/es\\\/dia-de-la-independencia-la-libertad-en-los-ojos-de-un-inmigrante-cubano\\\/\",\"name\":\"D\u00eda de la Independencia: La Libertad en los Ojos de un Inmigrante Cubano - Camino\",\"isPartOf\":{\"@id\":\"https:\\\/\\\/camino.org\\\/#website\"},\"primaryImageOfPage\":{\"@id\":\"https:\\\/\\\/camino.org\\\/es\\\/dia-de-la-independencia-la-libertad-en-los-ojos-de-un-inmigrante-cubano\\\/#primaryimage\"},\"image\":{\"@id\":\"https:\\\/\\\/camino.org\\\/es\\\/dia-de-la-independencia-la-libertad-en-los-ojos-de-un-inmigrante-cubano\\\/#primaryimage\"},\"thumbnailUrl\":\"https:\\\/\\\/i0.wp.com\\\/camino.org\\\/wp-content\\\/uploads\\\/2023\\\/06\\\/Main-Amittays-Story-10-min-Cut-6.00_07_10_05.Still002-2-scaled.webp?fit=2560%2C1440&ssl=1\",\"datePublished\":\"2023-06-30T21:34:18+00:00\",\"dateModified\":\"2023-07-21T17:43:46+00:00\",\"breadcrumb\":{\"@id\":\"https:\\\/\\\/camino.org\\\/es\\\/dia-de-la-independencia-la-libertad-en-los-ojos-de-un-inmigrante-cubano\\\/#breadcrumb\"},\"inLanguage\":\"es\",\"potentialAction\":[{\"@type\":\"ReadAction\",\"target\":[\"https:\\\/\\\/camino.org\\\/es\\\/dia-de-la-independencia-la-libertad-en-los-ojos-de-un-inmigrante-cubano\\\/\"]}]},{\"@type\":\"ImageObject\",\"inLanguage\":\"es\",\"@id\":\"https:\\\/\\\/camino.org\\\/es\\\/dia-de-la-independencia-la-libertad-en-los-ojos-de-un-inmigrante-cubano\\\/#primaryimage\",\"url\":\"https:\\\/\\\/i0.wp.com\\\/camino.org\\\/wp-content\\\/uploads\\\/2023\\\/06\\\/Main-Amittays-Story-10-min-Cut-6.00_07_10_05.Still002-2-scaled.webp?fit=2560%2C1440&ssl=1\",\"contentUrl\":\"https:\\\/\\\/i0.wp.com\\\/camino.org\\\/wp-content\\\/uploads\\\/2023\\\/06\\\/Main-Amittays-Story-10-min-Cut-6.00_07_10_05.Still002-2-scaled.webp?fit=2560%2C1440&ssl=1\",\"width\":2560,\"height\":1440},{\"@type\":\"BreadcrumbList\",\"@id\":\"https:\\\/\\\/camino.org\\\/es\\\/dia-de-la-independencia-la-libertad-en-los-ojos-de-un-inmigrante-cubano\\\/#breadcrumb\",\"itemListElement\":[{\"@type\":\"ListItem\",\"position\":1,\"name\":\"Home\",\"item\":\"https:\\\/\\\/camino.org\\\/es\\\/\"},{\"@type\":\"ListItem\",\"position\":2,\"name\":\"D\u00eda de la Independencia: La Libertad en los Ojos de un Inmigrante Cubano\"}]},{\"@type\":\"WebSite\",\"@id\":\"https:\\\/\\\/camino.org\\\/#website\",\"url\":\"https:\\\/\\\/camino.org\\\/\",\"name\":\"Camino\",\"description\":\"A bilingual and multicultural health center that provides excellent and affordable integrated care to the underinsured and uninsured populations.\",\"publisher\":{\"@id\":\"https:\\\/\\\/camino.org\\\/#organization\"},\"potentialAction\":[{\"@type\":\"SearchAction\",\"target\":{\"@type\":\"EntryPoint\",\"urlTemplate\":\"https:\\\/\\\/camino.org\\\/?s={search_term_string}\"},\"query-input\":{\"@type\":\"PropertyValueSpecification\",\"valueRequired\":true,\"valueName\":\"search_term_string\"}}],\"inLanguage\":\"es\"},{\"@type\":\"Organization\",\"@id\":\"https:\\\/\\\/camino.org\\\/#organization\",\"name\":\"Camino\",\"alternateName\":\"Camino\",\"url\":\"https:\\\/\\\/camino.org\\\/\",\"logo\":{\"@type\":\"ImageObject\",\"inLanguage\":\"es\",\"@id\":\"https:\\\/\\\/camino.org\\\/#\\\/schema\\\/logo\\\/image\\\/\",\"url\":\"https:\\\/\\\/camino.org\\\/wp-content\\\/uploads\\\/2023\\\/06\\\/logo-color.svg\",\"contentUrl\":\"https:\\\/\\\/camino.org\\\/wp-content\\\/uploads\\\/2023\\\/06\\\/logo-color.svg\",\"width\":199,\"height\":37,\"caption\":\"Camino\"},\"image\":{\"@id\":\"https:\\\/\\\/camino.org\\\/#\\\/schema\\\/logo\\\/image\\\/\"},\"sameAs\":[\"https:\\\/\\\/instagram.com\\\/camino.stories?igshid=MzRlODBiNWFlZA==\",\"https:\\\/\\\/www.linkedin.com\\\/company\\\/caminohealthcenter\\\/mycompany\\\/verification\\\/\",\"https:\\\/\\\/www.youtube.com\\\/@caminostories2588\\\/videos\"]},{\"@type\":\"Person\",\"@id\":\"https:\\\/\\\/camino.org\\\/#\\\/schema\\\/person\\\/563e2520680a224673479a7c0283565b\",\"name\":\"Jordan Lopez\",\"image\":{\"@type\":\"ImageObject\",\"inLanguage\":\"es\",\"@id\":\"https:\\\/\\\/secure.gravatar.com\\\/avatar\\\/b993337d50a79ad041765c2b1e37581b8a694aaf236d7ac521ac91d4f65d64a7?s=96&d=mm&r=g\",\"url\":\"https:\\\/\\\/secure.gravatar.com\\\/avatar\\\/b993337d50a79ad041765c2b1e37581b8a694aaf236d7ac521ac91d4f65d64a7?s=96&d=mm&r=g\",\"contentUrl\":\"https:\\\/\\\/secure.gravatar.com\\\/avatar\\\/b993337d50a79ad041765c2b1e37581b8a694aaf236d7ac521ac91d4f65d64a7?s=96&d=mm&r=g\",\"caption\":\"Jordan Lopez\"},\"sameAs\":[\"https:\\\/\\\/camino.org\"],\"url\":\"https:\\\/\\\/camino.org\\\/es\\\/author\\\/jordan\\\/\"}]}<\/script>\n<!-- \/ Yoast SEO plugin. -->","yoast_head_json":{"title":"D\u00eda de la Independencia: La Libertad en los Ojos de un Inmigrante Cubano - Camino","robots":{"index":"index","follow":"follow","max-snippet":"max-snippet:-1","max-image-preview":"max-image-preview:large","max-video-preview":"max-video-preview:-1"},"canonical":"https:\/\/camino.org\/es\/dia-de-la-independencia-la-libertad-en-los-ojos-de-un-inmigrante-cubano\/","og_locale":"es_ES","og_type":"article","og_title":"D\u00eda de la Independencia: La Libertad en los Ojos de un Inmigrante Cubano - Camino","og_description":"El 4 de julio, tambi\u00e9n conocido como el D\u00eda de la Independencia, es un d\u00eda importante en la historia de los Estados Unidos. Es un d\u00eda lleno de patriotismo, celebraciones y fuegos artificiales, y para muchos representa la preciada libertad que Estados Unidos gan\u00f3 en 1776. Sin embargo, el significado de este d\u00eda tiene un significado a\u00fan m\u00e1s profundo para las personas que han experimentado la vida sin libertad de primera mano. En este blog, exploraremos el viaje de un inmigrante cubano para comprender lo que realmente significa el 4 de julio para \u00e9l. El Viaje a la Libertad: Amittay Rodr\u00edguez, ex m\u00e9dico y pastor en Cuba, tuvo una vida c\u00f3moda sirviendo a la gente a trav\u00e9s de su pr\u00e1ctica m\u00e9dica y su funci\u00f3n en una iglesia local. Sin embargo, sus conexiones con amigos en Estados Unidos lo convirtieron en blanco de sospechas para el gobierno cubano. Bajo una presi\u00f3n [&hellip;]","og_url":"https:\/\/camino.org\/es\/dia-de-la-independencia-la-libertad-en-los-ojos-de-un-inmigrante-cubano\/","og_site_name":"Camino","article_published_time":"2023-06-30T21:34:18+00:00","article_modified_time":"2023-07-21T17:43:46+00:00","og_image":[{"width":2560,"height":1440,"url":"https:\/\/camino.org\/wp-content\/uploads\/2023\/06\/Main-Amittays-Story-10-min-Cut-6.00_07_10_05.Still002-2-scaled.webp","type":"image\/jpeg"}],"author":"Jordan Lopez","twitter_card":"summary_large_image","twitter_misc":{"Escrito por":"Jordan Lopez","Tiempo de lectura":"5 minutos"},"schema":{"@context":"https:\/\/schema.org","@graph":[{"@type":"Article","@id":"https:\/\/camino.org\/es\/dia-de-la-independencia-la-libertad-en-los-ojos-de-un-inmigrante-cubano\/#article","isPartOf":{"@id":"https:\/\/camino.org\/es\/dia-de-la-independencia-la-libertad-en-los-ojos-de-un-inmigrante-cubano\/"},"author":{"name":"Jordan Lopez","@id":"https:\/\/camino.org\/#\/schema\/person\/563e2520680a224673479a7c0283565b"},"headline":"D\u00eda de la Independencia: La Libertad en los Ojos de un Inmigrante Cubano","datePublished":"2023-06-30T21:34:18+00:00","dateModified":"2023-07-21T17:43:46+00:00","mainEntityOfPage":{"@id":"https:\/\/camino.org\/es\/dia-de-la-independencia-la-libertad-en-los-ojos-de-un-inmigrante-cubano\/"},"wordCount":1130,"publisher":{"@id":"https:\/\/camino.org\/#organization"},"image":{"@id":"https:\/\/camino.org\/es\/dia-de-la-independencia-la-libertad-en-los-ojos-de-un-inmigrante-cubano\/#primaryimage"},"thumbnailUrl":"https:\/\/i0.wp.com\/camino.org\/wp-content\/uploads\/2023\/06\/Main-Amittays-Story-10-min-Cut-6.00_07_10_05.Still002-2-scaled.webp?fit=2560%2C1440&ssl=1","keywords":["Americano","Cuatro de Julio","D\u00eda de la Indepencia","Libertad"],"articleSection":["Camino","Camino Church"],"inLanguage":"es"},{"@type":"WebPage","@id":"https:\/\/camino.org\/es\/dia-de-la-independencia-la-libertad-en-los-ojos-de-un-inmigrante-cubano\/","url":"https:\/\/camino.org\/es\/dia-de-la-independencia-la-libertad-en-los-ojos-de-un-inmigrante-cubano\/","name":"D\u00eda de la Independencia: La Libertad en los Ojos de un Inmigrante Cubano - Camino","isPartOf":{"@id":"https:\/\/camino.org\/#website"},"primaryImageOfPage":{"@id":"https:\/\/camino.org\/es\/dia-de-la-independencia-la-libertad-en-los-ojos-de-un-inmigrante-cubano\/#primaryimage"},"image":{"@id":"https:\/\/camino.org\/es\/dia-de-la-independencia-la-libertad-en-los-ojos-de-un-inmigrante-cubano\/#primaryimage"},"thumbnailUrl":"https:\/\/i0.wp.com\/camino.org\/wp-content\/uploads\/2023\/06\/Main-Amittays-Story-10-min-Cut-6.00_07_10_05.Still002-2-scaled.webp?fit=2560%2C1440&ssl=1","datePublished":"2023-06-30T21:34:18+00:00","dateModified":"2023-07-21T17:43:46+00:00","breadcrumb":{"@id":"https:\/\/camino.org\/es\/dia-de-la-independencia-la-libertad-en-los-ojos-de-un-inmigrante-cubano\/#breadcrumb"},"inLanguage":"es","potentialAction":[{"@type":"ReadAction","target":["https:\/\/camino.org\/es\/dia-de-la-independencia-la-libertad-en-los-ojos-de-un-inmigrante-cubano\/"]}]},{"@type":"ImageObject","inLanguage":"es","@id":"https:\/\/camino.org\/es\/dia-de-la-independencia-la-libertad-en-los-ojos-de-un-inmigrante-cubano\/#primaryimage","url":"https:\/\/i0.wp.com\/camino.org\/wp-content\/uploads\/2023\/06\/Main-Amittays-Story-10-min-Cut-6.00_07_10_05.Still002-2-scaled.webp?fit=2560%2C1440&ssl=1","contentUrl":"https:\/\/i0.wp.com\/camino.org\/wp-content\/uploads\/2023\/06\/Main-Amittays-Story-10-min-Cut-6.00_07_10_05.Still002-2-scaled.webp?fit=2560%2C1440&ssl=1","width":2560,"height":1440},{"@type":"BreadcrumbList","@id":"https:\/\/camino.org\/es\/dia-de-la-independencia-la-libertad-en-los-ojos-de-un-inmigrante-cubano\/#breadcrumb","itemListElement":[{"@type":"ListItem","position":1,"name":"Home","item":"https:\/\/camino.org\/es\/"},{"@type":"ListItem","position":2,"name":"D\u00eda de la Independencia: La Libertad en los Ojos de un Inmigrante Cubano"}]},{"@type":"WebSite","@id":"https:\/\/camino.org\/#website","url":"https:\/\/camino.org\/","name":"Camino","description":"A bilingual and multicultural health center that provides excellent and affordable integrated care to the underinsured and uninsured populations.","publisher":{"@id":"https:\/\/camino.org\/#organization"},"potentialAction":[{"@type":"SearchAction","target":{"@type":"EntryPoint","urlTemplate":"https:\/\/camino.org\/?s={search_term_string}"},"query-input":{"@type":"PropertyValueSpecification","valueRequired":true,"valueName":"search_term_string"}}],"inLanguage":"es"},{"@type":"Organization","@id":"https:\/\/camino.org\/#organization","name":"Camino","alternateName":"Camino","url":"https:\/\/camino.org\/","logo":{"@type":"ImageObject","inLanguage":"es","@id":"https:\/\/camino.org\/#\/schema\/logo\/image\/","url":"https:\/\/camino.org\/wp-content\/uploads\/2023\/06\/logo-color.svg","contentUrl":"https:\/\/camino.org\/wp-content\/uploads\/2023\/06\/logo-color.svg","width":199,"height":37,"caption":"Camino"},"image":{"@id":"https:\/\/camino.org\/#\/schema\/logo\/image\/"},"sameAs":["https:\/\/instagram.com\/camino.stories?igshid=MzRlODBiNWFlZA==","https:\/\/www.linkedin.com\/company\/caminohealthcenter\/mycompany\/verification\/","https:\/\/www.youtube.com\/@caminostories2588\/videos"]},{"@type":"Person","@id":"https:\/\/camino.org\/#\/schema\/person\/563e2520680a224673479a7c0283565b","name":"Jordan Lopez","image":{"@type":"ImageObject","inLanguage":"es","@id":"https:\/\/secure.gravatar.com\/avatar\/b993337d50a79ad041765c2b1e37581b8a694aaf236d7ac521ac91d4f65d64a7?s=96&d=mm&r=g","url":"https:\/\/secure.gravatar.com\/avatar\/b993337d50a79ad041765c2b1e37581b8a694aaf236d7ac521ac91d4f65d64a7?s=96&d=mm&r=g","contentUrl":"https:\/\/secure.gravatar.com\/avatar\/b993337d50a79ad041765c2b1e37581b8a694aaf236d7ac521ac91d4f65d64a7?s=96&d=mm&r=g","caption":"Jordan Lopez"},"sameAs":["https:\/\/camino.org"],"url":"https:\/\/camino.org\/es\/author\/jordan\/"}]}},"_links":{"self":[{"href":"https:\/\/camino.org\/es\/wp-json\/wp\/v2\/posts\/2033","targetHints":{"allow":["GET"]}}],"collection":[{"href":"https:\/\/camino.org\/es\/wp-json\/wp\/v2\/posts"}],"about":[{"href":"https:\/\/camino.org\/es\/wp-json\/wp\/v2\/types\/post"}],"author":[{"embeddable":true,"href":"https:\/\/camino.org\/es\/wp-json\/wp\/v2\/users\/2"}],"replies":[{"embeddable":true,"href":"https:\/\/camino.org\/es\/wp-json\/wp\/v2\/comments?post=2033"}],"version-history":[{"count":8,"href":"https:\/\/camino.org\/es\/wp-json\/wp\/v2\/posts\/2033\/revisions"}],"predecessor-version":[{"id":2044,"href":"https:\/\/camino.org\/es\/wp-json\/wp\/v2\/posts\/2033\/revisions\/2044"}],"wp:featuredmedia":[{"embeddable":true,"href":"https:\/\/camino.org\/es\/wp-json\/wp\/v2\/media\/2041"}],"wp:attachment":[{"href":"https:\/\/camino.org\/es\/wp-json\/wp\/v2\/media?parent=2033"}],"wp:term":[{"taxonomy":"category","embeddable":true,"href":"https:\/\/camino.org\/es\/wp-json\/wp\/v2\/categories?post=2033"},{"taxonomy":"post_tag","embeddable":true,"href":"https:\/\/camino.org\/es\/wp-json\/wp\/v2\/tags?post=2033"}],"curies":[{"name":"wp","href":"https:\/\/api.w.org\/{rel}","templated":true}]}}