{"id":2730,"date":"2023-11-21T22:01:44","date_gmt":"2023-11-21T22:01:44","guid":{"rendered":"https:\/\/camino.org\/?p=2730"},"modified":"2023-11-21T22:04:33","modified_gmt":"2023-11-21T22:04:33","slug":"celebrando-el-martes-de-donaciones-un-dia-para-dar","status":"publish","type":"post","link":"https:\/\/camino.org\/es\/celebrando-el-martes-de-donaciones-un-dia-para-dar\/","title":{"rendered":"Celebrando el martes de donaciones: un d\u00eda para dar"},"content":{"rendered":"\n<p>La temporada navide\u00f1a est\u00e1 a la vuelta y eso significa que es hora de empezar a pensar en c\u00f3mo puedes difundir la bondad y la positividad en toda tu comunidad. Por suerte para ti, el d\u00eda martes de donaciones est\u00e1 aqu\u00ed. El martes de donaciones cae el primer martes despu\u00e9s del D\u00eda de Acci\u00f3n de Gracias. Es el d\u00eda mundial de donaciones cuyo el objetivo es capturar el verdadero esp\u00edritu de la temporada navide\u00f1a. A lo largo de este blog, exploraremos m\u00e1s sobre martes de donaciones, los beneficios de donar y las formas en que usted puede participar en nuestra campa\u00f1a de recaudaci\u00f3n de fondos aqu\u00ed en Camino.<\/p>\n\n\n\n<h3 class=\"wp-block-heading\"><strong>\u00bfQu\u00e9 es el martes de donaciones?<\/strong><\/h3>\n\n\n\n<p>Martes de donaciones se estableci\u00f3 oficialmente en 2012. Es el d\u00eda de dar y la manera perfecta para que personas de todo el mundo difundan generosidad y bondad. A trav\u00e9s de donaciones, actos de bondad o voluntariado, hay muchas maneras de participar. Por ejemplo, muchas organizaciones ben\u00e9ficas o sin fines de lucro organizan campa\u00f1as de recaudaci\u00f3n de fondos para su causa espec\u00edfica. Aqu\u00ed en <a href=\"https:\/\/camino.org\">Camino<\/a>, nuestra campa\u00f1a de recaudaci\u00f3n de fondos para martes de donaciones se trata de comprar regalos de Navidad para los ni\u00f1os desfavorecidos de nuestra comunidad, pero llegaremos a eso m\u00e1s adelante.<\/p>\n\n\n\n<figure class=\"wp-block-image size-large\"><img data-recalc-dims=\"1\" fetchpriority=\"high\" decoding=\"async\" width=\"640\" height=\"427\" src=\"https:\/\/i0.wp.com\/camino.org\/wp-content\/uploads\/2023\/11\/Screen-Shot-2023-11-21-at-3.21.46-PM.png?resize=640%2C427&#038;ssl=1\" alt=\"\" class=\"wp-image-2749\" srcset=\"https:\/\/i0.wp.com\/camino.org\/wp-content\/uploads\/2023\/11\/Screen-Shot-2023-11-21-at-3.21.46-PM.png?resize=1024%2C683&amp;ssl=1 1024w, https:\/\/i0.wp.com\/camino.org\/wp-content\/uploads\/2023\/11\/Screen-Shot-2023-11-21-at-3.21.46-PM.png?resize=600%2C400&amp;ssl=1 600w, https:\/\/i0.wp.com\/camino.org\/wp-content\/uploads\/2023\/11\/Screen-Shot-2023-11-21-at-3.21.46-PM.png?resize=300%2C200&amp;ssl=1 300w, https:\/\/i0.wp.com\/camino.org\/wp-content\/uploads\/2023\/11\/Screen-Shot-2023-11-21-at-3.21.46-PM.png?resize=768%2C512&amp;ssl=1 768w, https:\/\/i0.wp.com\/camino.org\/wp-content\/uploads\/2023\/11\/Screen-Shot-2023-11-21-at-3.21.46-PM.png?resize=1536%2C1025&amp;ssl=1 1536w, https:\/\/i0.wp.com\/camino.org\/wp-content\/uploads\/2023\/11\/Screen-Shot-2023-11-21-at-3.21.46-PM.png?w=1970&amp;ssl=1 1970w, https:\/\/i0.wp.com\/camino.org\/wp-content\/uploads\/2023\/11\/Screen-Shot-2023-11-21-at-3.21.46-PM.png?w=1280&amp;ssl=1 1280w, https:\/\/i0.wp.com\/camino.org\/wp-content\/uploads\/2023\/11\/Screen-Shot-2023-11-21-at-3.21.46-PM.png?w=1920&amp;ssl=1 1920w\" sizes=\"(max-width: 640px) 100vw, 640px\" \/><\/figure>\n\n\n\n<p>En esencia, martes de donaciones destaca el poder de dar. Sirve como recordatorio de que todos podemos contribuir a hacer del mundo un lugar mejor donando a una causa ben\u00e9fica, apoyando a organizaciones sin fines de lucro locales o participando en actos de bondad.<\/p>\n\n\n\n<h3 class=\"wp-block-heading\"><strong>Los beneficios de donar el martes de donaciones<\/strong><\/h3>\n\n\n\n<p>Por supuesto, uno de los principales beneficios de martes de donaciones es la oportunidad de maximizar su impacto. Muchas organizaciones e individuos tienen causas espec\u00edficas que apoyan y, a menudo, pueden encontrar una manera de contribuir a esa causa en este d\u00eda. Sin embargo, otro gran beneficio son las donaciones caritativas deducibles de impuestos. En otras palabras, Giving Tuesday tambi\u00e9n ofrece beneficios financieros. Si est\u00e1 interesado en obtener m\u00e1s informaci\u00f3n sobre las donaciones caritativas deducibles de impuestos, consulte este blog de <a href=\"https:\/\/www.nerdwallet.com\/article\/taxes\/tax-deductible-donations-charity#:~:text=Charitable%20contributions%20or%20donations%20can,meet%20certain%20guidelines%20to%20qualify.\">NerdWallet<\/a>. El acto de dar puede traer una sensaci\u00f3n de alegr\u00eda o satisfacci\u00f3n tanto al que da como al receptor. Crea un efecto domin\u00f3 de impactos positivos que pueden inspirar a otros a dar tambi\u00e9n.<\/p>\n\n\n\n<h3 class=\"wp-block-heading\"><strong>\u00bfC\u00f3mo puedes contribuir a la campa\u00f1a martes de donaciones<\/strong> <strong>de Camino?<\/strong><\/h3>\n\n\n\n<p>Anteriormente en este blog, mencionamos brevemente nuestra propia campa\u00f1a de recaudaci\u00f3n de fondos Giving Tuesday. En Camino, creemos que cada ni\u00f1o merece un regalo en Navidad, pero reconocemos que no todos los padres tienen los medios para pagarlo.<\/p>\n\n\n\n<p>Nuestra campa\u00f1a martes de donaciones est\u00e1 dedicada a cambiar eso. Nuestro objetivo es recaudar fondos y recolectar juguetes para nuestro evento anual, Navidad con Camino. Esta celebraci\u00f3n es nuestra manera de garantizar que los ni\u00f1os desfavorecidos de nuestra comunidad experimenten la alegr\u00eda de la temporada navide\u00f1a, un momento hecho posible gracias a la generosidad de personas como usted.<\/p>\n\n\n\n<p>Le invitamos amablemente a ser parte de nuestra campa\u00f1a de recaudaci\u00f3n de fondos este martes de donaciones. Tu apoyo para la Navidad con Camino puede tomar dos formas significativas: contribuciones financieras directas a trav\u00e9s de nuestra <a href=\"https:\/\/camino.org\/bethegiftgiver\/\">p\u00e1gina de donaciones<\/a> o la selecci\u00f3n de un juguete espec\u00edfico de nuestra <a href=\"https:\/\/www.amazon.com\/hz\/wishlist\/ls\/2P1Z7SYAY7GRF?ref=cm_sw_em_r_un_un_e45X5AviTKknU\">lista de deseos de Amazon<\/a>.<\/p>\n\n\n\n<p>Al donar para nosotros, no solo le brinda un regalo a un ni\u00f1o, sino tambi\u00e9n un sentimiento de esperanza durante la temporada navide\u00f1a. Cada acto de bondad, cada contribuci\u00f3n, nos ayuda a difundir la bondad y la positividad en toda la comunidad. Un\u00e1monos en este d\u00eda especial y abracemos el poder de dar.<\/p>\n","protected":false},"excerpt":{"rendered":"<p>La temporada navide\u00f1a est\u00e1 a la vuelta y eso significa que es hora de empezar a pensar en c\u00f3mo puedes difundir la bondad y la positividad en toda tu comunidad. Por suerte para ti, el d\u00eda martes de donaciones est\u00e1 aqu\u00ed. El martes de donaciones cae el primer martes despu\u00e9s del D\u00eda de Acci\u00f3n de Gracias. Es el d\u00eda mundial de donaciones cuyo el objetivo es capturar el verdadero esp\u00edritu de la temporada navide\u00f1a. A lo largo de este blog, exploraremos m\u00e1s sobre martes de donaciones, los beneficios de donar y las formas en que usted puede participar en nuestra campa\u00f1a de recaudaci\u00f3n de fondos aqu\u00ed en Camino. \u00bfQu\u00e9 es el martes de donaciones? Martes de donaciones se estableci\u00f3 oficialmente en 2012. Es el d\u00eda de dar y la manera perfecta para que personas de todo el mundo difundan generosidad y bondad. A trav\u00e9s de donaciones, actos de bondad o [&hellip;]<\/p>\n","protected":false},"author":2,"featured_media":2749,"comment_status":"open","ping_status":"open","sticky":false,"template":"","format":"standard","meta":{"_acf_changed":false,"give_campaign_id":0,"_coblocks_attr":"","_coblocks_dimensions":"","_coblocks_responsive_height":"","_coblocks_accordion_ie_support":"","om_disable_all_campaigns":false,"inline_featured_image":false,"_monsterinsights_skip_tracking":false,"_monsterinsights_sitenote_active":false,"_monsterinsights_sitenote_note":"","_monsterinsights_sitenote_category":0,"footnotes":""},"categories":[54],"tags":[],"class_list":["post-2730","post","type-post","status-publish","format-standard","has-post-thumbnail","hentry","category-camino-es"],"acf":[],"yoast_head":"<!-- This site is optimized with the Yoast SEO plugin v27.5 - https:\/\/yoast.com\/product\/yoast-seo-wordpress\/ -->\n<title>Celebrando el martes de donaciones: un d\u00eda para dar - Camino<\/title>\n<meta name=\"robots\" content=\"index, follow, max-snippet:-1, max-image-preview:large, max-video-preview:-1\" \/>\n<link rel=\"canonical\" href=\"https:\/\/camino.org\/es\/celebrando-el-martes-de-donaciones-un-dia-para-dar\/\" \/>\n<meta property=\"og:locale\" content=\"es_ES\" \/>\n<meta property=\"og:type\" content=\"article\" \/>\n<meta property=\"og:title\" content=\"Celebrando el martes de donaciones: un d\u00eda para dar - Camino\" \/>\n<meta property=\"og:description\" content=\"La temporada navide\u00f1a est\u00e1 a la vuelta y eso significa que es hora de empezar a pensar en c\u00f3mo puedes difundir la bondad y la positividad en toda tu comunidad. Por suerte para ti, el d\u00eda martes de donaciones est\u00e1 aqu\u00ed. El martes de donaciones cae el primer martes despu\u00e9s del D\u00eda de Acci\u00f3n de Gracias. Es el d\u00eda mundial de donaciones cuyo el objetivo es capturar el verdadero esp\u00edritu de la temporada navide\u00f1a. A lo largo de este blog, exploraremos m\u00e1s sobre martes de donaciones, los beneficios de donar y las formas en que usted puede participar en nuestra campa\u00f1a de recaudaci\u00f3n de fondos aqu\u00ed en Camino. \u00bfQu\u00e9 es el martes de donaciones? Martes de donaciones se estableci\u00f3 oficialmente en 2012. Es el d\u00eda de dar y la manera perfecta para que personas de todo el mundo difundan generosidad y bondad. A trav\u00e9s de donaciones, actos de bondad o [&hellip;]\" \/>\n<meta property=\"og:url\" content=\"https:\/\/camino.org\/es\/celebrando-el-martes-de-donaciones-un-dia-para-dar\/\" \/>\n<meta property=\"og:site_name\" content=\"Camino\" \/>\n<meta property=\"article:published_time\" content=\"2023-11-21T22:01:44+00:00\" \/>\n<meta property=\"article:modified_time\" content=\"2023-11-21T22:04:33+00:00\" \/>\n<meta property=\"og:image\" content=\"https:\/\/camino.org\/wp-content\/uploads\/2023\/11\/Screen-Shot-2023-11-21-at-3.21.46-PM-1024x683.png\" \/>\n\t<meta property=\"og:image:width\" content=\"1024\" \/>\n\t<meta property=\"og:image:height\" content=\"683\" \/>\n\t<meta property=\"og:image:type\" content=\"image\/png\" \/>\n<meta name=\"author\" content=\"Jordan Lopez\" \/>\n<meta name=\"twitter:card\" content=\"summary_large_image\" \/>\n<meta name=\"twitter:label1\" content=\"Escrito por\" \/>\n\t<meta name=\"twitter:data1\" content=\"Jordan Lopez\" \/>\n\t<meta name=\"twitter:label2\" content=\"Tiempo de lectura\" \/>\n\t<meta name=\"twitter:data2\" content=\"3 minutos\" \/>\n<script type=\"application\/ld+json\" class=\"yoast-schema-graph\">{\"@context\":\"https:\\\/\\\/schema.org\",\"@graph\":[{\"@type\":\"Article\",\"@id\":\"https:\\\/\\\/camino.org\\\/es\\\/celebrando-el-martes-de-donaciones-un-dia-para-dar\\\/#article\",\"isPartOf\":{\"@id\":\"https:\\\/\\\/camino.org\\\/es\\\/celebrando-el-martes-de-donaciones-un-dia-para-dar\\\/\"},\"author\":{\"name\":\"Jordan Lopez\",\"@id\":\"https:\\\/\\\/camino.org\\\/#\\\/schema\\\/person\\\/563e2520680a224673479a7c0283565b\"},\"headline\":\"Celebrando el martes de donaciones: un d\u00eda para dar\",\"datePublished\":\"2023-11-21T22:01:44+00:00\",\"dateModified\":\"2023-11-21T22:04:33+00:00\",\"mainEntityOfPage\":{\"@id\":\"https:\\\/\\\/camino.org\\\/es\\\/celebrando-el-martes-de-donaciones-un-dia-para-dar\\\/\"},\"wordCount\":653,\"commentCount\":0,\"publisher\":{\"@id\":\"https:\\\/\\\/camino.org\\\/#organization\"},\"image\":{\"@id\":\"https:\\\/\\\/camino.org\\\/es\\\/celebrando-el-martes-de-donaciones-un-dia-para-dar\\\/#primaryimage\"},\"thumbnailUrl\":\"https:\\\/\\\/i0.wp.com\\\/camino.org\\\/wp-content\\\/uploads\\\/2023\\\/11\\\/Screen-Shot-2023-11-21-at-3.21.46-PM.png?fit=1970%2C1314&ssl=1\",\"articleSection\":[\"Camino\"],\"inLanguage\":\"es\",\"potentialAction\":[{\"@type\":\"CommentAction\",\"name\":\"Comment\",\"target\":[\"https:\\\/\\\/camino.org\\\/es\\\/celebrando-el-martes-de-donaciones-un-dia-para-dar\\\/#respond\"]}]},{\"@type\":\"WebPage\",\"@id\":\"https:\\\/\\\/camino.org\\\/es\\\/celebrando-el-martes-de-donaciones-un-dia-para-dar\\\/\",\"url\":\"https:\\\/\\\/camino.org\\\/es\\\/celebrando-el-martes-de-donaciones-un-dia-para-dar\\\/\",\"name\":\"Celebrando el martes de donaciones: un d\u00eda para dar - Camino\",\"isPartOf\":{\"@id\":\"https:\\\/\\\/camino.org\\\/#website\"},\"primaryImageOfPage\":{\"@id\":\"https:\\\/\\\/camino.org\\\/es\\\/celebrando-el-martes-de-donaciones-un-dia-para-dar\\\/#primaryimage\"},\"image\":{\"@id\":\"https:\\\/\\\/camino.org\\\/es\\\/celebrando-el-martes-de-donaciones-un-dia-para-dar\\\/#primaryimage\"},\"thumbnailUrl\":\"https:\\\/\\\/i0.wp.com\\\/camino.org\\\/wp-content\\\/uploads\\\/2023\\\/11\\\/Screen-Shot-2023-11-21-at-3.21.46-PM.png?fit=1970%2C1314&ssl=1\",\"datePublished\":\"2023-11-21T22:01:44+00:00\",\"dateModified\":\"2023-11-21T22:04:33+00:00\",\"breadcrumb\":{\"@id\":\"https:\\\/\\\/camino.org\\\/es\\\/celebrando-el-martes-de-donaciones-un-dia-para-dar\\\/#breadcrumb\"},\"inLanguage\":\"es\",\"potentialAction\":[{\"@type\":\"ReadAction\",\"target\":[\"https:\\\/\\\/camino.org\\\/es\\\/celebrando-el-martes-de-donaciones-un-dia-para-dar\\\/\"]}]},{\"@type\":\"ImageObject\",\"inLanguage\":\"es\",\"@id\":\"https:\\\/\\\/camino.org\\\/es\\\/celebrando-el-martes-de-donaciones-un-dia-para-dar\\\/#primaryimage\",\"url\":\"https:\\\/\\\/i0.wp.com\\\/camino.org\\\/wp-content\\\/uploads\\\/2023\\\/11\\\/Screen-Shot-2023-11-21-at-3.21.46-PM.png?fit=1970%2C1314&ssl=1\",\"contentUrl\":\"https:\\\/\\\/i0.wp.com\\\/camino.org\\\/wp-content\\\/uploads\\\/2023\\\/11\\\/Screen-Shot-2023-11-21-at-3.21.46-PM.png?fit=1970%2C1314&ssl=1\",\"width\":1970,\"height\":1314},{\"@type\":\"BreadcrumbList\",\"@id\":\"https:\\\/\\\/camino.org\\\/es\\\/celebrando-el-martes-de-donaciones-un-dia-para-dar\\\/#breadcrumb\",\"itemListElement\":[{\"@type\":\"ListItem\",\"position\":1,\"name\":\"Home\",\"item\":\"https:\\\/\\\/camino.org\\\/es\\\/\"},{\"@type\":\"ListItem\",\"position\":2,\"name\":\"Celebrando el martes de donaciones: un d\u00eda para dar\"}]},{\"@type\":\"WebSite\",\"@id\":\"https:\\\/\\\/camino.org\\\/#website\",\"url\":\"https:\\\/\\\/camino.org\\\/\",\"name\":\"Camino\",\"description\":\"A bilingual and multicultural health center that provides excellent and affordable integrated care to the underinsured and uninsured populations.\",\"publisher\":{\"@id\":\"https:\\\/\\\/camino.org\\\/#organization\"},\"potentialAction\":[{\"@type\":\"SearchAction\",\"target\":{\"@type\":\"EntryPoint\",\"urlTemplate\":\"https:\\\/\\\/camino.org\\\/?s={search_term_string}\"},\"query-input\":{\"@type\":\"PropertyValueSpecification\",\"valueRequired\":true,\"valueName\":\"search_term_string\"}}],\"inLanguage\":\"es\"},{\"@type\":\"Organization\",\"@id\":\"https:\\\/\\\/camino.org\\\/#organization\",\"name\":\"Camino\",\"alternateName\":\"Camino\",\"url\":\"https:\\\/\\\/camino.org\\\/\",\"logo\":{\"@type\":\"ImageObject\",\"inLanguage\":\"es\",\"@id\":\"https:\\\/\\\/camino.org\\\/#\\\/schema\\\/logo\\\/image\\\/\",\"url\":\"https:\\\/\\\/camino.org\\\/wp-content\\\/uploads\\\/2023\\\/06\\\/logo-color.svg\",\"contentUrl\":\"https:\\\/\\\/camino.org\\\/wp-content\\\/uploads\\\/2023\\\/06\\\/logo-color.svg\",\"width\":199,\"height\":37,\"caption\":\"Camino\"},\"image\":{\"@id\":\"https:\\\/\\\/camino.org\\\/#\\\/schema\\\/logo\\\/image\\\/\"},\"sameAs\":[\"https:\\\/\\\/instagram.com\\\/camino.stories?igshid=MzRlODBiNWFlZA==\",\"https:\\\/\\\/www.linkedin.com\\\/company\\\/caminohealthcenter\\\/mycompany\\\/verification\\\/\",\"https:\\\/\\\/www.youtube.com\\\/@caminostories2588\\\/videos\"]},{\"@type\":\"Person\",\"@id\":\"https:\\\/\\\/camino.org\\\/#\\\/schema\\\/person\\\/563e2520680a224673479a7c0283565b\",\"name\":\"Jordan Lopez\",\"image\":{\"@type\":\"ImageObject\",\"inLanguage\":\"es\",\"@id\":\"https:\\\/\\\/secure.gravatar.com\\\/avatar\\\/b993337d50a79ad041765c2b1e37581b8a694aaf236d7ac521ac91d4f65d64a7?s=96&d=mm&r=g\",\"url\":\"https:\\\/\\\/secure.gravatar.com\\\/avatar\\\/b993337d50a79ad041765c2b1e37581b8a694aaf236d7ac521ac91d4f65d64a7?s=96&d=mm&r=g\",\"contentUrl\":\"https:\\\/\\\/secure.gravatar.com\\\/avatar\\\/b993337d50a79ad041765c2b1e37581b8a694aaf236d7ac521ac91d4f65d64a7?s=96&d=mm&r=g\",\"caption\":\"Jordan Lopez\"},\"sameAs\":[\"https:\\\/\\\/camino.org\"],\"url\":\"https:\\\/\\\/camino.org\\\/es\\\/author\\\/jordan\\\/\"}]}<\/script>\n<!-- \/ Yoast SEO plugin. -->","yoast_head_json":{"title":"Celebrando el martes de donaciones: un d\u00eda para dar - Camino","robots":{"index":"index","follow":"follow","max-snippet":"max-snippet:-1","max-image-preview":"max-image-preview:large","max-video-preview":"max-video-preview:-1"},"canonical":"https:\/\/camino.org\/es\/celebrando-el-martes-de-donaciones-un-dia-para-dar\/","og_locale":"es_ES","og_type":"article","og_title":"Celebrando el martes de donaciones: un d\u00eda para dar - Camino","og_description":"La temporada navide\u00f1a est\u00e1 a la vuelta y eso significa que es hora de empezar a pensar en c\u00f3mo puedes difundir la bondad y la positividad en toda tu comunidad. Por suerte para ti, el d\u00eda martes de donaciones est\u00e1 aqu\u00ed. El martes de donaciones cae el primer martes despu\u00e9s del D\u00eda de Acci\u00f3n de Gracias. Es el d\u00eda mundial de donaciones cuyo el objetivo es capturar el verdadero esp\u00edritu de la temporada navide\u00f1a. A lo largo de este blog, exploraremos m\u00e1s sobre martes de donaciones, los beneficios de donar y las formas en que usted puede participar en nuestra campa\u00f1a de recaudaci\u00f3n de fondos aqu\u00ed en Camino. \u00bfQu\u00e9 es el martes de donaciones? Martes de donaciones se estableci\u00f3 oficialmente en 2012. Es el d\u00eda de dar y la manera perfecta para que personas de todo el mundo difundan generosidad y bondad. A trav\u00e9s de donaciones, actos de bondad o [&hellip;]","og_url":"https:\/\/camino.org\/es\/celebrando-el-martes-de-donaciones-un-dia-para-dar\/","og_site_name":"Camino","article_published_time":"2023-11-21T22:01:44+00:00","article_modified_time":"2023-11-21T22:04:33+00:00","og_image":[{"width":1024,"height":683,"url":"https:\/\/camino.org\/wp-content\/uploads\/2023\/11\/Screen-Shot-2023-11-21-at-3.21.46-PM-1024x683.png","type":"image\/png"}],"author":"Jordan Lopez","twitter_card":"summary_large_image","twitter_misc":{"Escrito por":"Jordan Lopez","Tiempo de lectura":"3 minutos"},"schema":{"@context":"https:\/\/schema.org","@graph":[{"@type":"Article","@id":"https:\/\/camino.org\/es\/celebrando-el-martes-de-donaciones-un-dia-para-dar\/#article","isPartOf":{"@id":"https:\/\/camino.org\/es\/celebrando-el-martes-de-donaciones-un-dia-para-dar\/"},"author":{"name":"Jordan Lopez","@id":"https:\/\/camino.org\/#\/schema\/person\/563e2520680a224673479a7c0283565b"},"headline":"Celebrando el martes de donaciones: un d\u00eda para dar","datePublished":"2023-11-21T22:01:44+00:00","dateModified":"2023-11-21T22:04:33+00:00","mainEntityOfPage":{"@id":"https:\/\/camino.org\/es\/celebrando-el-martes-de-donaciones-un-dia-para-dar\/"},"wordCount":653,"commentCount":0,"publisher":{"@id":"https:\/\/camino.org\/#organization"},"image":{"@id":"https:\/\/camino.org\/es\/celebrando-el-martes-de-donaciones-un-dia-para-dar\/#primaryimage"},"thumbnailUrl":"https:\/\/i0.wp.com\/camino.org\/wp-content\/uploads\/2023\/11\/Screen-Shot-2023-11-21-at-3.21.46-PM.png?fit=1970%2C1314&ssl=1","articleSection":["Camino"],"inLanguage":"es","potentialAction":[{"@type":"CommentAction","name":"Comment","target":["https:\/\/camino.org\/es\/celebrando-el-martes-de-donaciones-un-dia-para-dar\/#respond"]}]},{"@type":"WebPage","@id":"https:\/\/camino.org\/es\/celebrando-el-martes-de-donaciones-un-dia-para-dar\/","url":"https:\/\/camino.org\/es\/celebrando-el-martes-de-donaciones-un-dia-para-dar\/","name":"Celebrando el martes de donaciones: un d\u00eda para dar - Camino","isPartOf":{"@id":"https:\/\/camino.org\/#website"},"primaryImageOfPage":{"@id":"https:\/\/camino.org\/es\/celebrando-el-martes-de-donaciones-un-dia-para-dar\/#primaryimage"},"image":{"@id":"https:\/\/camino.org\/es\/celebrando-el-martes-de-donaciones-un-dia-para-dar\/#primaryimage"},"thumbnailUrl":"https:\/\/i0.wp.com\/camino.org\/wp-content\/uploads\/2023\/11\/Screen-Shot-2023-11-21-at-3.21.46-PM.png?fit=1970%2C1314&ssl=1","datePublished":"2023-11-21T22:01:44+00:00","dateModified":"2023-11-21T22:04:33+00:00","breadcrumb":{"@id":"https:\/\/camino.org\/es\/celebrando-el-martes-de-donaciones-un-dia-para-dar\/#breadcrumb"},"inLanguage":"es","potentialAction":[{"@type":"ReadAction","target":["https:\/\/camino.org\/es\/celebrando-el-martes-de-donaciones-un-dia-para-dar\/"]}]},{"@type":"ImageObject","inLanguage":"es","@id":"https:\/\/camino.org\/es\/celebrando-el-martes-de-donaciones-un-dia-para-dar\/#primaryimage","url":"https:\/\/i0.wp.com\/camino.org\/wp-content\/uploads\/2023\/11\/Screen-Shot-2023-11-21-at-3.21.46-PM.png?fit=1970%2C1314&ssl=1","contentUrl":"https:\/\/i0.wp.com\/camino.org\/wp-content\/uploads\/2023\/11\/Screen-Shot-2023-11-21-at-3.21.46-PM.png?fit=1970%2C1314&ssl=1","width":1970,"height":1314},{"@type":"BreadcrumbList","@id":"https:\/\/camino.org\/es\/celebrando-el-martes-de-donaciones-un-dia-para-dar\/#breadcrumb","itemListElement":[{"@type":"ListItem","position":1,"name":"Home","item":"https:\/\/camino.org\/es\/"},{"@type":"ListItem","position":2,"name":"Celebrando el martes de donaciones: un d\u00eda para dar"}]},{"@type":"WebSite","@id":"https:\/\/camino.org\/#website","url":"https:\/\/camino.org\/","name":"Camino","description":"A bilingual and multicultural health center that provides excellent and affordable integrated care to the underinsured and uninsured populations.","publisher":{"@id":"https:\/\/camino.org\/#organization"},"potentialAction":[{"@type":"SearchAction","target":{"@type":"EntryPoint","urlTemplate":"https:\/\/camino.org\/?s={search_term_string}"},"query-input":{"@type":"PropertyValueSpecification","valueRequired":true,"valueName":"search_term_string"}}],"inLanguage":"es"},{"@type":"Organization","@id":"https:\/\/camino.org\/#organization","name":"Camino","alternateName":"Camino","url":"https:\/\/camino.org\/","logo":{"@type":"ImageObject","inLanguage":"es","@id":"https:\/\/camino.org\/#\/schema\/logo\/image\/","url":"https:\/\/camino.org\/wp-content\/uploads\/2023\/06\/logo-color.svg","contentUrl":"https:\/\/camino.org\/wp-content\/uploads\/2023\/06\/logo-color.svg","width":199,"height":37,"caption":"Camino"},"image":{"@id":"https:\/\/camino.org\/#\/schema\/logo\/image\/"},"sameAs":["https:\/\/instagram.com\/camino.stories?igshid=MzRlODBiNWFlZA==","https:\/\/www.linkedin.com\/company\/caminohealthcenter\/mycompany\/verification\/","https:\/\/www.youtube.com\/@caminostories2588\/videos"]},{"@type":"Person","@id":"https:\/\/camino.org\/#\/schema\/person\/563e2520680a224673479a7c0283565b","name":"Jordan Lopez","image":{"@type":"ImageObject","inLanguage":"es","@id":"https:\/\/secure.gravatar.com\/avatar\/b993337d50a79ad041765c2b1e37581b8a694aaf236d7ac521ac91d4f65d64a7?s=96&d=mm&r=g","url":"https:\/\/secure.gravatar.com\/avatar\/b993337d50a79ad041765c2b1e37581b8a694aaf236d7ac521ac91d4f65d64a7?s=96&d=mm&r=g","contentUrl":"https:\/\/secure.gravatar.com\/avatar\/b993337d50a79ad041765c2b1e37581b8a694aaf236d7ac521ac91d4f65d64a7?s=96&d=mm&r=g","caption":"Jordan Lopez"},"sameAs":["https:\/\/camino.org"],"url":"https:\/\/camino.org\/es\/author\/jordan\/"}]}},"_links":{"self":[{"href":"https:\/\/camino.org\/es\/wp-json\/wp\/v2\/posts\/2730","targetHints":{"allow":["GET"]}}],"collection":[{"href":"https:\/\/camino.org\/es\/wp-json\/wp\/v2\/posts"}],"about":[{"href":"https:\/\/camino.org\/es\/wp-json\/wp\/v2\/types\/post"}],"author":[{"embeddable":true,"href":"https:\/\/camino.org\/es\/wp-json\/wp\/v2\/users\/2"}],"replies":[{"embeddable":true,"href":"https:\/\/camino.org\/es\/wp-json\/wp\/v2\/comments?post=2730"}],"version-history":[{"count":8,"href":"https:\/\/camino.org\/es\/wp-json\/wp\/v2\/posts\/2730\/revisions"}],"predecessor-version":[{"id":2756,"href":"https:\/\/camino.org\/es\/wp-json\/wp\/v2\/posts\/2730\/revisions\/2756"}],"wp:featuredmedia":[{"embeddable":true,"href":"https:\/\/camino.org\/es\/wp-json\/wp\/v2\/media\/2749"}],"wp:attachment":[{"href":"https:\/\/camino.org\/es\/wp-json\/wp\/v2\/media?parent=2730"}],"wp:term":[{"taxonomy":"category","embeddable":true,"href":"https:\/\/camino.org\/es\/wp-json\/wp\/v2\/categories?post=2730"},{"taxonomy":"post_tag","embeddable":true,"href":"https:\/\/camino.org\/es\/wp-json\/wp\/v2\/tags?post=2730"}],"curies":[{"name":"wp","href":"https:\/\/api.w.org\/{rel}","templated":true}]}}